{"id":28484,"date":"2024-12-04T13:00:36","date_gmt":"2024-12-04T13:00:36","guid":{"rendered":"https:\/\/www.nigran.es\/?p=28484"},"modified":"2024-12-04T13:00:36","modified_gmt":"2024-12-04T13:00:36","slug":"programacion-de-nadal-4","status":"publish","type":"post","link":"https:\/\/www.nigran.es\/es\/programacion-de-nadal-4\/","title":{"rendered":"PROGRAMACI\u00d3N DE NADAL"},"content":{"rendered":"<p lang=\"zxx\" align=\"center\"><img loading=\"lazy\" decoding=\"async\" class=\"alignnone size-full wp-image-28485\" src=\"https:\/\/www.nigran.es\/wp-content\/uploads\/2024\/12\/RRSS_Cartel_Programa_Nadal_QR_2024.jpg\" alt=\"\" width=\"2362\" height=\"2362\" srcset=\"https:\/\/www.nigran.es\/wp-content\/uploads\/2024\/12\/RRSS_Cartel_Programa_Nadal_QR_2024.jpg 2362w, https:\/\/www.nigran.es\/wp-content\/uploads\/2024\/12\/RRSS_Cartel_Programa_Nadal_QR_2024-300x300.jpg 300w, https:\/\/www.nigran.es\/wp-content\/uploads\/2024\/12\/RRSS_Cartel_Programa_Nadal_QR_2024-1024x1024.jpg 1024w, https:\/\/www.nigran.es\/wp-content\/uploads\/2024\/12\/RRSS_Cartel_Programa_Nadal_QR_2024-150x150.jpg 150w, https:\/\/www.nigran.es\/wp-content\/uploads\/2024\/12\/RRSS_Cartel_Programa_Nadal_QR_2024-768x768.jpg 768w, https:\/\/www.nigran.es\/wp-content\/uploads\/2024\/12\/RRSS_Cartel_Programa_Nadal_QR_2024-1536x1536.jpg 1536w, https:\/\/www.nigran.es\/wp-content\/uploads\/2024\/12\/RRSS_Cartel_Programa_Nadal_QR_2024-2048x2048.jpg 2048w, https:\/\/www.nigran.es\/wp-content\/uploads\/2024\/12\/RRSS_Cartel_Programa_Nadal_QR_2024-500x500.jpg 500w\" sizes=\"(max-width: 2362px) 100vw, 2362px\" \/><\/p>\n<p lang=\"zxx\" align=\"center\">\n<p class=\"western\" lang=\"zxx\" align=\"center\"><span style=\"color: #000000;\"><span style=\"font-family: Arial, sans-serif;\"><span style=\"font-size: medium;\"><b>O CONCELLO DE NIGR\u00c1N <\/b><\/span><\/span><\/span><span style=\"color: #000000;\"><span style=\"font-family: Arial, sans-serif;\"><span style=\"font-size: medium;\"><b>ABRE ESTE S\u00c1BADO COA OBRA L\u00cdRICA &#8216;MOLTO BARROCO&#8217; A PROGRAMACI\u00d3N ESPECIAL DE NADAL<\/b><\/span><\/span><\/span><\/p>\n<p class=\"western\" lang=\"zxx\" align=\"center\"><span style=\"color: #000000;\"><span style=\"font-family: Arial, sans-serif;\"><span style=\"font-size: medium;\"><b>T<\/b><\/span><\/span><\/span><span style=\"color: #000000;\"><span style=\"font-family: Arial, sans-serif;\"><span style=\"font-size: medium;\"><b>eatro, humor <\/b><\/span><\/span><\/span><span style=\"color: #000000;\"><span style=\"font-family: Arial, sans-serif;\"><span style=\"font-size: medium;\"><b>e<\/b><\/span><\/span><\/span><span style=\"color: #000000;\"><span style=\"font-family: Arial, sans-serif;\"><span style=\"font-size: medium;\"><b> m\u00fasica cl\u00e1sica <\/b><\/span><\/span><\/span><span style=\"color: #000000;\"><span style=\"font-family: Arial, sans-serif;\"><span style=\"font-size: medium;\"><b>e<\/b><\/span><\/span><\/span><span style=\"color: #000000;\"><span style=\"font-family: Arial, sans-serif;\"><span style=\"font-size: medium;\"><b> contempor\u00e1nea <\/b><\/span><\/span><\/span><span style=\"color: #000000;\"><span style=\"font-family: Arial, sans-serif;\"><span style=\"font-size: medium;\"><b>mest\u00faranse neste espect\u00e1culo de creaci\u00f3n propia da compa\u00f1\u00eda galega P\u00edscore <\/b><\/span><\/span><\/span><\/p>\n<p class=\"western\" lang=\"zxx\" align=\"center\"><span style=\"color: #000000;\"><span style=\"font-family: Arial, sans-serif;\"><span style=\"font-size: medium;\"><b>A eventos xa tradicionais do Nadal nigran\u00e9s, como o mercado de inverno &#8216;Bule Bule&#8217;, rondallas, corais ou a carreira San Silvestre solidaria, s\u00famanse concertos de c\u00e1mara, teatro infantil ou obradoiros<\/b><\/span><\/span><\/span><\/p>\n<p class=\"western\" lang=\"zxx\" align=\"center\">\n<p class=\"western\" lang=\"zxx\" align=\"justify\"><span style=\"color: #000000;\"><span style=\"font-family: Arial, sans-serif;\"><span style=\"font-size: medium;\"><i><b>Nigr\u00e1n <\/b><\/i><\/span><\/span><\/span><span style=\"color: #000000;\"><span style=\"font-family: Arial, sans-serif;\"><span style=\"font-size: medium;\"><i><b>04<\/b><\/i><\/span><\/span><\/span><span style=\"color: #000000;\"><span style=\"font-family: Arial, sans-serif;\"><span style=\"font-size: medium;\"><i><b>\/12\/24.-<\/b><\/i><\/span><\/span><\/span><span style=\"color: #000000;\"><span style=\"font-family: Arial, sans-serif;\"><span style=\"font-size: medium;\"> O Concello de Nigr\u00e1n <\/span><\/span><\/span><span style=\"color: #000000;\"><span style=\"font-family: Arial, sans-serif;\"><span style=\"font-size: medium;\">abre este s\u00e1bado 7 de decembro a s\u00faa programaci\u00f3n especial de Nadal co espect\u00e1culo &#8216;Molto Barroco&#8217; da compa\u00f1\u00eda P\u00edscore \u00e1s 20:00 horas no Auditorio Municipal con entrada de balde ata completar aforo. O d\u00eda anterior, venres 6, o Concello estrea coa secci\u00f3n de clarinetes da Uni\u00f3n Musical de Valladares a serie de concertos de c\u00e1mara que far\u00e1 en diferentes igrexas do municipio (neste caso ser\u00e1 na Capela de San Campio, na Ramallosa, \u00e1s 20:00 horas). A eventos xa tradicionais do Nadal nigran\u00e9s, como o mercado de inverno de artesan\u00eda local &#8216;Bule Bule&#8217;, rondallas, corais ou a carreira San Silvestre solidaria, s\u00famanse este ano teatro infantil ou obradoiros. Toda a programaci\u00f3n de aqu\u00ed a Reis est\u00e1 pendurada e actualizada en <a href=\"http:\/\/www.nigran.es\/\">www.nigran.es<\/a> (aparatado &#8216;Pr\u00f3ximos Eventos&#8217;).<\/span><\/span><\/span><\/p>\n<p class=\"western\" lang=\"zxx\" align=\"justify\"><span style=\"color: #000000;\"><span style=\"font-family: Arial, sans-serif;\"><span style=\"font-size: medium;\"> \u00ab<\/span><\/span><\/span><span style=\"color: #000000;\"><span style=\"font-family: Arial, sans-serif;\"><span style=\"font-size: medium;\">Coma sempre, mantemos os eventos xa definitorios do Nadal nigran\u00e9s e engadimos novidades para ir variando e chegar a todo tipo de p\u00fablicos ao tempo que incentivamos que a veci\u00f1anza se quede en Nigr\u00e1n para pasar o d\u00eda e, de paso, consuma no municipio\u00bb, explica o alcalde, Juan Gonz\u00e1lez.<\/span><\/span><\/span><\/p>\n<p class=\"western\" lang=\"zxx\" align=\"justify\"><span style=\"color: #000000;\"><span style=\"font-family: Arial, sans-serif;\"><span style=\"font-size: medium;\"> Teatro, humor e m\u00fasica cl\u00e1sica e contempor\u00e1nea mest\u00faranse no espect\u00e1culo de creaci\u00f3n propia &#8216;Molto Barroco&#8217; da compa\u00f1\u00eda galega P\u00edscore, que chega a Nigr\u00e1n dentro do circuito &#8216;+ Esc\u00e9nicas&#8217; da Deputaci\u00f3n de Pontevedra. Tr\u00e1tase, antes que nada, udnha reivindicaci\u00f3n das composici\u00f3ns musicais barrocas desde o teatro e o humor. Con motivo do baile de petici\u00f3n de man da s\u00faa prometida, o Rei encarga ao Compositor da corte unha peza orixinal. Esta solicitude desencadea unha serie de escenas c\u00f3micas entre o Compositor e os seus tres m\u00fasicos de c\u00e1mara nas que te\u00f1en cabida todo tipo de gags, rutinas c\u00f3micas e musicais, bailes e ata xogos malabares. <\/span><\/span><\/span><\/p>\n<p class=\"western\" lang=\"zxx\" align=\"justify\"><span style=\"color: #000000;\"><span style=\"font-family: Arial, sans-serif;\"><span style=\"font-size: medium;\"> Xa practicamente nas v\u00e9speras do Nadal, o Concello celebrar\u00e1 a s\u00faa cuarta edici\u00f3n do mercado invernal de artesan\u00eda local &#8216;Bule Bule&#8217; o 13, 14 e 15 de decembro na Praza do Concello. Na s\u00faa inauguraci\u00f3n o venres contar\u00e1 coa presenza de Troula Animaci\u00f3n e o concerto do gran Tony Lomba \u00e1s 19:00 horas. Coma sempre, ser\u00e1 unha oportunidade \u00fanica para mercar os agasallos m\u00e1is orixinais favorecendo directamente ao comercio local ao tempo que se celebran concertos en sesi\u00f3n verm\u00fa e \u00e1 noiti\u00f1a, orixinais obradoiros para crianzas e adultos e mesmo un contacontos en ingl\u00e9s a cargo de Kids&amp;Us o s\u00e1bado 14 \u00e1s 12:30. Toda a programaci\u00f3n espec\u00edfica para este evento estar\u00e1 pendurada na web <a href=\"http:\/\/www.nigran.es\/\">www.nigran.es<\/a>. Ao seu car\u00f3n, no Auditorio Municipal, ter\u00e1 lugar o s\u00e1bado 14 o tradicional concerto de Nadal <\/span><\/span><\/span><span style=\"color: #000000;\"><span style=\"font-family: Arial, sans-serif;\"><span style=\"font-size: medium;\">organizado pola<\/span><\/span><\/span><span style=\"color: #000000;\"><span style=\"font-family: Arial, sans-serif;\"><span style=\"font-size: medium;\"> Coral Novos Aires de Nigr\u00e1n <\/span><\/span><\/span><span style=\"color: #000000;\"><span style=\"font-family: Arial, sans-serif;\"><span style=\"font-size: medium;\">e coa participaci\u00f3n tam\u00e9n das agrupaci\u00f3ns Vagalume (Chandebrito) e Ecos do Castelo (Parada)<\/span><\/span><\/span><span style=\"color: #000000;\"><span style=\"font-family: Arial, sans-serif;\"><span style=\"font-size: medium;\"> \u00e1s 20:00 horas . <\/span><\/span><\/span><span style=\"color: #000000;\"><span style=\"font-family: Arial, sans-serif;\"><span style=\"font-size: medium;\">Neste d\u00eda, a trav\u00e9s da Asociaci\u00f3n Galega de Celiacos organ\u00edzase un obradoiro de galletas sen glute no CEE de Panx\u00f3n para o que ser\u00e1 preciso inscribirse previamente.<\/span><\/span><\/span><\/p>\n<p class=\"western\" lang=\"zxx\" align=\"justify\"><span style=\"color: #000000;\"><span style=\"font-family: Arial, sans-serif;\"><span style=\"font-size: medium;\">Os concertos de c\u00e1mara continuar\u00e1n con &#8216;Tubanadal&#8217; da Banda Filharm\u00f3nica de Vigo o xoves 19 de decembro \u00e1s 18:00 no Centro Comercial Nasas en colaboraci\u00f3n con &#8216;JuanMar\u00edaSenEtiquetas&#8217; e o venres 20 \u00e1s 20:00 horas na Igrexa de Santiago de Parada o tr\u00edo de c\u00e1mara da Uni\u00f3n Musical de Valladares. O 21 de decembro ter\u00e1 lugar no Auditorio a cl\u00e1sica xa gala de Ardelume \u00e1s 18:00 horas e \u00e1s 20:00 horas no Templo Votivo de Panx\u00f3n actuar\u00e1 a Coral Novos Aires. A m\u00fasica non parar\u00e1 en Nigr\u00e1n, co concerto de Baiona Bai o d\u00eda 28 de decembro (20:00 horas, Auditorio), o tradicional concerto de fin de ano a cargo de Nerea Rodr\u00edguez ao acorde\u00f3n liderando SHI Quartet (20:00 horas) e <\/span><\/span><\/span><span style=\"color: #000000;\"><span style=\"font-family: Arial, sans-serif;\"><span style=\"font-size: medium;\">a banda de metais<\/span><\/span><\/span><span style=\"color: #000000;\"><span style=\"font-family: Arial, sans-serif;\"><span style=\"font-size: medium;\"> Misxtura Ens<\/span><\/span><\/span><span style=\"color: #000000;\"><span style=\"font-family: Arial, sans-serif;\"><span style=\"font-size: medium;\">e<\/span><\/span><\/span><span style=\"color: #000000;\"><span style=\"font-family: Arial, sans-serif;\"><span style=\"font-size: medium;\">mble da Uni\u00f3n Musical de Valladares o d\u00eda 3 \u00e1s 20:00 horas.<\/span><\/span><\/span><\/p>\n<p class=\"western\" lang=\"zxx\" align=\"justify\"><span style=\"color: #000000;\"><span style=\"font-family: Arial, sans-serif;\"><span style=\"font-size: medium;\"> O evento m\u00e1is tradicional da comarca, o certame de Rondallas, ser\u00e1 coma \u00e9 habitual o 22 de decembro na Alameda da Ramallosa \u00e1s 11:30 horas (o 24 a rondalla de Santiago de Parada desfilar\u00e1 por Nigr\u00e1n) e, xa pola tarde, \u00e1s 18:00 horas, ter\u00e1 lugar un baile de maiores no Auditorio.<\/span><\/span><\/span><\/p>\n<p class=\"western\" lang=\"zxx\" align=\"justify\"><span style=\"color: #000000;\"><span style=\"font-family: Arial, sans-serif;\"><span style=\"font-size: medium;\"> As crianzas volver\u00e1n a gozar do Nadal o 23 de decembro co teatro infantil &#8216;Meco e Sono&#8217; \u00e1s 18:00 horas no Auditorio, o 27 de decembro \u00e1s 18:00 horas coa presentaci\u00f3n do libro &#8216;Pedro, o piloto de gaivotas&#8217; e obradoiro posterior no Auditorio, o 4 de xaneiro coa obra de Circo Chosco &#8216;Oh-Pera&#8217; na Praza do Concello e, por suposto, coa gran Cabalgata de Reis o d\u00eda 5 de xaneiro, data que por\u00e1 punto final a programaci\u00f3n de Nadal.<\/span><\/span><\/span><\/p>\n<p class=\"western\" lang=\"zxx\" align=\"justify\"><span style=\"color: #000000;\"><span style=\"font-family: Arial, sans-serif;\"><span style=\"font-size: medium;\"> No eido deportivo non faltar\u00e1n as galas de patinaxe Nigr\u00e1n e de r\u00edtmica &#8216;As Estelas&#8217; no Pavill\u00f3n o 19 e 20 respectivamente e o 28 con tres grandes eventos: a carreira San Silvestre Solidaria, a concentraci\u00f3n dos nadadores en augas abertas &#8216;Arroases do Val Mi\u00f1or&#8217; en Panx\u00f3n, e o trofeo de ciclocross en Porto do Molle. Este mesmo d\u00eda celebrarase tam\u00e9n un obradoiro de percusi\u00f3n africana na Escola Municipal de M\u00fasica a cargo de &#8216;Latexo Percusi\u00f3n&#8217;.<\/span><\/span><\/span><\/p>\n","protected":false},"excerpt":{"rendered":"<p>O CONCELLO DE NIGR\u00c1N ABRE ESTE S\u00c1BADO COA OBRA L\u00cdRICA &#8216;MOLTO BARROCO&#8217; A PROGRAMACI\u00d3N ESPECIAL DE NADAL Teatro, humor e m\u00fasica cl\u00e1sica e contempor\u00e1nea mest\u00faranse neste espect\u00e1culo de creaci\u00f3n propia da compa\u00f1\u00eda galega P\u00edscore A eventos xa tradicionais do Nadal nigran\u00e9s, como o mercado de inverno &#8216;Bule Bule&#8217;, rondallas, corais ou a carreira San Silvestre [&hellip;]<\/p>\n","protected":false},"author":8,"featured_media":28485,"comment_status":"open","ping_status":"open","sticky":false,"template":"","format":"standard","meta":{"footnotes":""},"categories":[3],"tags":[],"_links":{"self":[{"href":"https:\/\/www.nigran.es\/es\/wp-json\/wp\/v2\/posts\/28484"}],"collection":[{"href":"https:\/\/www.nigran.es\/es\/wp-json\/wp\/v2\/posts"}],"about":[{"href":"https:\/\/www.nigran.es\/es\/wp-json\/wp\/v2\/types\/post"}],"author":[{"embeddable":true,"href":"https:\/\/www.nigran.es\/es\/wp-json\/wp\/v2\/users\/8"}],"replies":[{"embeddable":true,"href":"https:\/\/www.nigran.es\/es\/wp-json\/wp\/v2\/comments?post=28484"}],"version-history":[{"count":1,"href":"https:\/\/www.nigran.es\/es\/wp-json\/wp\/v2\/posts\/28484\/revisions"}],"predecessor-version":[{"id":28488,"href":"https:\/\/www.nigran.es\/es\/wp-json\/wp\/v2\/posts\/28484\/revisions\/28488"}],"wp:featuredmedia":[{"embeddable":true,"href":"https:\/\/www.nigran.es\/es\/wp-json\/wp\/v2\/media\/28485"}],"wp:attachment":[{"href":"https:\/\/www.nigran.es\/es\/wp-json\/wp\/v2\/media?parent=28484"}],"wp:term":[{"taxonomy":"category","embeddable":true,"href":"https:\/\/www.nigran.es\/es\/wp-json\/wp\/v2\/categories?post=28484"},{"taxonomy":"post_tag","embeddable":true,"href":"https:\/\/www.nigran.es\/es\/wp-json\/wp\/v2\/tags?post=28484"}],"curies":[{"name":"wp","href":"https:\/\/api.w.org\/{rel}","templated":true}]}}